{"id":1054,"date":"2013-11-16T10:00:42","date_gmt":"2013-11-16T10:00:42","guid":{"rendered":"http:\/\/www.mercedespuertareal.com\/?p=1054"},"modified":"2013-11-16T10:00:42","modified_gmt":"2013-11-16T10:00:42","slug":"nueva-pagina-web","status":"publish","type":"post","link":"https:\/\/puertareal.ihermandad.es\/?p=1054","title":{"rendered":"Nueva p\u00e1gina web"},"content":{"rendered":"<p style=\"text-align: justify;\"><img fetchpriority=\"high\" decoding=\"async\" class=\"alignright  wp-image-1091\" alt=\"Hermandad de las Mercedes de la Puerta Real\" src=\"http:\/\/www.mercedespuertareal.com\/wp-content\/uploads\/2013\/11\/Hermandad-de-las-Mercedes-de-la-Puerta-Real.png\" width=\"246\" height=\"518\" \/>La p\u00e1gina web de la hermandad ha sido sometida desde el pasado 28 de octubre a un <strong>proceso de mejoras tanto de contenidos como de dise\u00f1o<\/strong>. Esta nueva versi\u00f3n supone una importante adaptaci\u00f3n a las nuevas tecnolog\u00edas existentes, utilizando a partir de ahora un gestor de contenidos como es <strong>WordPress<\/strong> para el manejo y el funcionamiento del nuevo sitio web. Se hace especial hincapi\u00e9 en la interacci\u00f3n con las redes sociales y con el usuario, y sobre todo en el lenguaje multimedia.<\/p>\n<p style=\"text-align: justify;\">El nuevo dise\u00f1o respeta los colores m\u00e1s pr\u00f3ximos a los de nuestra corporaci\u00f3n, como son el blanco y el burdeos, que se combinan con diversos tonos de grises y negros para crear un aspecto elegante, sencillo y de f\u00e1cil uso.<\/p>\n<p style=\"text-align: justify;\">El <strong>men\u00fa<\/strong> pasa a estar bajo la cabecera de manera horizontal y con subsecciones a las que se acceden a trav\u00e9s de <strong>desplegables<\/strong>. Las <strong>\u00faltimas noticias y novedades<\/strong> se ubican bajo una presentaci\u00f3n que contiene varias fotograf\u00edas de la hermandad. A la derecha, puede verse un <strong>calendario<\/strong> que marca en negrita los pr\u00f3ximos actos y cultos a realizar en nuestra corporaci\u00f3n y los \u00faltimos avisos realizados a trav\u00e9s de nuestra cuenta de <strong>Twitter<\/strong> (@PuertaReal). Finalmente una lista de reproducci\u00f3n de videos sirve de cierre para la p\u00e1gina principal.<\/p>\n<p style=\"text-align: justify;\">Las <strong>novedades<\/strong> en cuanto a los contenidos residen principalmente en una ampliaci\u00f3n de la historia de la hermandad, informaci\u00f3n de la sede can\u00f3nica, mayor n\u00famero de fotograf\u00edas de Nuestros Titulares y del patrimonio, y en especial destaca la secci\u00f3n <strong>Archivo gr\u00e1fico<\/strong>, que junto con las fotograf\u00edas existen en Historia, conforman una amplia galer\u00eda de <strong>m\u00e1s de 60 foto antiguas<\/strong> de nuestra hermandad, muchas de ella in\u00e9ditas al no estar digitalizadas hasta hace poco tiempo.<\/p>\n<p style=\"text-align: justify;\">Estas novedades son fruto del trabajo del prioste primero y administrador del sitio web, Alberto Fraile Carmona, junto a la colaboraci\u00f3n desinteresada de numerosas personas que han participado cediendo sus fotograf\u00edas.<\/p>\n","protected":false},"excerpt":{"rendered":"<p>La p\u00e1gina web de la hermandad ha sido sometida desde el pasado 28 de octubre a un proceso de mejoras tanto de contenidos como de dise\u00f1o. Esta nueva versi\u00f3n supone una importante adaptaci\u00f3n a las nuevas tecnolog\u00edas existentes, utilizando a partir de ahora un gestor de contenidos como es WordPress para el manejo y el [&hellip;]<\/p>\n","protected":false},"author":2,"featured_media":0,"comment_status":"closed","ping_status":"closed","sticky":false,"template":"","format":"standard","meta":{"footnotes":""},"categories":[9],"tags":[],"class_list":["post-1054","post","type-post","status-publish","format-standard","hentry","category-otros"],"_links":{"self":[{"href":"https:\/\/puertareal.ihermandad.es\/index.php?rest_route=\/wp\/v2\/posts\/1054","targetHints":{"allow":["GET"]}}],"collection":[{"href":"https:\/\/puertareal.ihermandad.es\/index.php?rest_route=\/wp\/v2\/posts"}],"about":[{"href":"https:\/\/puertareal.ihermandad.es\/index.php?rest_route=\/wp\/v2\/types\/post"}],"author":[{"embeddable":true,"href":"https:\/\/puertareal.ihermandad.es\/index.php?rest_route=\/wp\/v2\/users\/2"}],"replies":[{"embeddable":true,"href":"https:\/\/puertareal.ihermandad.es\/index.php?rest_route=%2Fwp%2Fv2%2Fcomments&post=1054"}],"version-history":[{"count":0,"href":"https:\/\/puertareal.ihermandad.es\/index.php?rest_route=\/wp\/v2\/posts\/1054\/revisions"}],"wp:attachment":[{"href":"https:\/\/puertareal.ihermandad.es\/index.php?rest_route=%2Fwp%2Fv2%2Fmedia&parent=1054"}],"wp:term":[{"taxonomy":"category","embeddable":true,"href":"https:\/\/puertareal.ihermandad.es\/index.php?rest_route=%2Fwp%2Fv2%2Fcategories&post=1054"},{"taxonomy":"post_tag","embeddable":true,"href":"https:\/\/puertareal.ihermandad.es\/index.php?rest_route=%2Fwp%2Fv2%2Ftags&post=1054"}],"curies":[{"name":"wp","href":"https:\/\/api.w.org\/{rel}","templated":true}]}}